{"id":247,"date":"2025-01-23T12:00:38","date_gmt":"2025-01-23T11:00:38","guid":{"rendered":"https:\/\/wp.arnell.de\/post-1\/"},"modified":"2025-03-19T21:51:34","modified_gmt":"2025-03-19T20:51:34","slug":"ausbildung-werkzeugmechaniker","status":"publish","type":"post","link":"https:\/\/arnell.de\/en\/ausbildung-werkzeugmechaniker\/","title":{"rendered":"Ausbildung Werkzeugmechaniker (m\/w\/d)"},"content":{"rendered":"<h4 class=\"wp-block-heading\">T\u00fcfteln, Fr\u00e4sen, Erodieren, Schleifen und Montieren.<\/h4>\n\n\n\n<p style=\"margin-bottom:var(--wp--preset--spacing--70)\">Seit mehr als 60 Jahren begeistern wir uns f\u00fcr den Werkzeugbau und schaffen somit t\u00e4glich Neues zur Herstellung unserer Produkte. Die Komplexit\u00e4t und Vielfalt l\u00e4sst das T\u00fcftlerherz h\u00f6her schlagen und macht die Ausbildung Werkzeugmechaniker (m\/w\/d) so attraktiv. Suchst Du auch gern nach einfallsreichen L\u00f6sungen, dann ist das Berufsbild des Werkzeug-mechanikers eine gro\u00dfartige Chance.<\/p>\n\n\n\n<h5 class=\"wp-block-heading\">Ausbildungsprogramm:<\/h5>\n\n\n\n<ul class=\"wp-block-list\">\n<li>3,5 j\u00e4hrige Ausbildung mit \u00dcbernahmegarantie bei guten Leistungen<\/li>\n\n\n\n<li>Herstellen und montieren von Stanz- und Umformwerkzeugen, sowie Vorrichtungen<\/li>\n\n\n\n<li>fundierte Ausbildung in der manuellen und maschinellen Metallbearbeitung<\/li>\n\n\n\n<li>Einrichten und Programmierung von Maschinen und Anlagen<\/li>\n\n\n\n<li>Produktionsbegleitende Pflege und Wartung von Werkzeugen und Maschinen<\/li>\n\n\n\n<li>Qualit\u00e4tsgerechte Fertigung nach Zeichnungsvorgaben<\/li>\n\n\n\n<li>Analyse, Messen und Pr\u00fcfen von Bauteilen und Werkzeugen<\/li>\n<\/ul>\n\n\n\n<div class=\"wp-block-uagb-separator uagb-block-d8df0f90\"><div class=\"uagb-separator-spacing-wrapper\"><div class=\"wp-block-uagb-separator__inner\" style=\"--my-background-image:url(&quot;data:image\/svg+xml,%3Csvg width='16' height='16' viewBox='0 0 16 16' fill='none' xmlns='http:\/\/www.w3.org\/2000\/svg'%3E%3Cpath d='M6.29312 16.9999L17 6.29302M14.2931 16.9999L17 14.293M-0.707031 15.9999L16.0002 -0.707153M8.00017 -0.707153L-0.706882 7.9999' stroke='black'\/%3E%3C\/svg%3E&quot;)\"><\/div><\/div><\/div>\n\n\n\n<h5 class=\"wp-block-heading\">Anforderungen:<\/h5>\n\n\n\n<ul class=\"wp-block-list\">\n<li>Abschluss: mindestens Mittlere Reife<\/li>\n\n\n\n<li>Interesse an Maschinen, Metallbearbeitung, handwerkliches Geschick<\/li>\n\n\n\n<li>Interesse an komplexen Aufgabenstellungen<\/li>\n\n\n\n<li>Liebe zum Detail und zur Genauigkeit<\/li>\n\n\n\n<li>Freundliches und offenes Auftreten<\/li>\n\n\n\n<li>Pr\u00e4zises und zielorientiertes Arbeiten im Team<\/li>\n<\/ul>\n\n\n\n<div class=\"wp-block-uagb-separator uagb-block-55f1ba85\"><div class=\"uagb-separator-spacing-wrapper\"><div class=\"wp-block-uagb-separator__inner\" style=\"--my-background-image:url(&quot;data:image\/svg+xml,%3Csvg width='16' height='16' viewBox='0 0 16 16' fill='none' xmlns='http:\/\/www.w3.org\/2000\/svg'%3E%3Cpath d='M6.29312 16.9999L17 6.29302M14.2931 16.9999L17 14.293M-0.707031 15.9999L16.0002 -0.707153M8.00017 -0.707153L-0.706882 7.9999' stroke='black'\/%3E%3C\/svg%3E&quot;)\"><\/div><\/div><\/div>\n\n\n\n<p>Haben wir Dein Interesse geweckt?<br>Dann bewirb Dich bevorzugt per Email an: info@arnell.de<\/p>\n\n\n\n<div class=\"wp-block-uagb-buttons uagb-buttons__outer-wrap uagb-btn__default-btn uagb-btn-tablet__default-btn uagb-btn-mobile__default-btn uagb-block-2fe1220b\"><div class=\"uagb-buttons__wrap uagb-buttons-layout-wrap\">\n<div class=\"wp-block-uagb-buttons-child uagb-buttons__outer-wrap uagb-block-37c10e56 wp-block-button\"><div class=\"uagb-button__wrapper\"><a class=\"uagb-buttons-repeater wp-block-button__link\" aria-label=\"\" href=\"\/en\/bewerbung\/\" rel=\"follow noopener\" target=\"_self\" role=\"button\"><div class=\"uagb-button__link\">Bewerben<\/div><span class=\"uagb-button__icon uagb-button__icon-position-after\"><svg xmlns=\"https:\/\/www.w3.org\/2000\/svg\" viewbox=\"0 0 448 512\" aria-hidden=\"true\" focussable=\"false\"><path d=\"M438.6 278.6l-160 160C272.4 444.9 264.2 448 256 448s-16.38-3.125-22.62-9.375c-12.5-12.5-12.5-32.75 0-45.25L338.8 288H32C14.33 288 .0016 273.7 .0016 256S14.33 224 32 224h306.8l-105.4-105.4c-12.5-12.5-12.5-32.75 0-45.25s32.75-12.5 45.25 0l160 160C451.1 245.9 451.1 266.1 438.6 278.6z\"><\/path><\/svg><\/span><\/a><\/div><\/div>\n<\/div><\/div>","protected":false},"excerpt":{"rendered":"<p>T\u00fcfteln, Fr\u00e4sen, Erodieren, Schleifen und Montieren. Seit mehr als 60 Jahren begeistern wir uns f\u00fcr den Werkzeugbau und schaffen somit [&hellip;]<\/p>\n","protected":false},"author":1,"featured_media":1653,"comment_status":"closed","ping_status":"closed","sticky":false,"template":"","format":"standard","meta":{"_uag_custom_page_level_css":"","site-sidebar-layout":"default","site-content-layout":"","ast-site-content-layout":"narrow-width-container","site-content-style":"default","site-sidebar-style":"default","ast-global-header-display":"","ast-banner-title-visibility":"","ast-main-header-display":"","ast-hfb-above-header-display":"","ast-hfb-below-header-display":"","ast-hfb-mobile-header-display":"","site-post-title":"","ast-breadcrumbs-content":"","ast-featured-img":"","footer-sml-layout":"","theme-transparent-header-meta":"default","adv-header-id-meta":"","stick-header-meta":"","header-above-stick-meta":"","header-main-stick-meta":"","header-below-stick-meta":"","astra-migrate-meta-layouts":"set","ast-page-background-enabled":"default","ast-page-background-meta":{"desktop":{"background-color":"var(--ast-global-color-4)","background-image":"","background-repeat":"repeat","background-position":"center center","background-size":"auto","background-attachment":"scroll","background-type":"","background-media":"","overlay-type":"","overlay-color":"","overlay-opacity":"","overlay-gradient":""},"tablet":{"background-color":"","background-image":"","background-repeat":"repeat","background-position":"center center","background-size":"auto","background-attachment":"scroll","background-type":"","background-media":"","overlay-type":"","overlay-color":"","overlay-opacity":"","overlay-gradient":""},"mobile":{"background-color":"","background-image":"","background-repeat":"repeat","background-position":"center center","background-size":"auto","background-attachment":"scroll","background-type":"","background-media":"","overlay-type":"","overlay-color":"","overlay-opacity":"","overlay-gradient":""}},"ast-content-background-meta":{"desktop":{"background-color":"var(--ast-global-color-5)","background-image":"","background-repeat":"repeat","background-position":"center center","background-size":"auto","background-attachment":"scroll","background-type":"","background-media":"","overlay-type":"","overlay-color":"","overlay-opacity":"","overlay-gradient":""},"tablet":{"background-color":"var(--ast-global-color-5)","background-image":"","background-repeat":"repeat","background-position":"center center","background-size":"auto","background-attachment":"scroll","background-type":"","background-media":"","overlay-type":"","overlay-color":"","overlay-opacity":"","overlay-gradient":""},"mobile":{"background-color":"var(--ast-global-color-5)","background-image":"","background-repeat":"repeat","background-position":"center center","background-size":"auto","background-attachment":"scroll","background-type":"","background-media":"","overlay-type":"","overlay-color":"","overlay-opacity":"","overlay-gradient":""}},"footnotes":""},"categories":[17],"tags":[23,21,22,28],"class_list":["post-247","post","type-post","status-publish","format-standard","has-post-thumbnail","hentry","category-ausbildung","tag-ausbildung","tag-jobs","tag-offene-stellen","tag-werkzeugmechaniker"],"uagb_featured_image_src":{"full":["https:\/\/arnell.de\/wp-content\/uploads\/2024\/11\/iStock-1028886412.jpg",2121,1414,false],"thumbnail":["https:\/\/arnell.de\/wp-content\/uploads\/2024\/11\/iStock-1028886412-150x150.jpg",150,150,true],"medium":["https:\/\/arnell.de\/wp-content\/uploads\/2024\/11\/iStock-1028886412-300x200.jpg",300,200,true],"medium_large":["https:\/\/arnell.de\/wp-content\/uploads\/2024\/11\/iStock-1028886412-768x512.jpg",768,512,true],"large":["https:\/\/arnell.de\/wp-content\/uploads\/2024\/11\/iStock-1028886412-1024x683.jpg",1024,683,true],"1536x1536":["https:\/\/arnell.de\/wp-content\/uploads\/2024\/11\/iStock-1028886412-1536x1024.jpg",1536,1024,true],"2048x2048":["https:\/\/arnell.de\/wp-content\/uploads\/2024\/11\/iStock-1028886412-2048x1365.jpg",2048,1365,true],"trp-custom-language-flag":["https:\/\/arnell.de\/wp-content\/uploads\/2024\/11\/iStock-1028886412.jpg",18,12,false]},"uagb_author_info":{"display_name":"Autor","author_link":"https:\/\/arnell.de\/en\/author\/wp157596ah\/"},"uagb_comment_info":0,"uagb_excerpt":"T\u00fcfteln, Fr\u00e4sen, Erodieren, Schleifen und Montieren. Seit mehr als 60 Jahren begeistern wir uns f\u00fcr den Werkzeugbau und schaffen somit [&hellip;]","_links":{"self":[{"href":"https:\/\/arnell.de\/en\/wp-json\/wp\/v2\/posts\/247","targetHints":{"allow":["GET"]}}],"collection":[{"href":"https:\/\/arnell.de\/en\/wp-json\/wp\/v2\/posts"}],"about":[{"href":"https:\/\/arnell.de\/en\/wp-json\/wp\/v2\/types\/post"}],"author":[{"embeddable":true,"href":"https:\/\/arnell.de\/en\/wp-json\/wp\/v2\/users\/1"}],"replies":[{"embeddable":true,"href":"https:\/\/arnell.de\/en\/wp-json\/wp\/v2\/comments?post=247"}],"version-history":[{"count":0,"href":"https:\/\/arnell.de\/en\/wp-json\/wp\/v2\/posts\/247\/revisions"}],"wp:featuredmedia":[{"embeddable":true,"href":"https:\/\/arnell.de\/en\/wp-json\/wp\/v2\/media\/1653"}],"wp:attachment":[{"href":"https:\/\/arnell.de\/en\/wp-json\/wp\/v2\/media?parent=247"}],"wp:term":[{"taxonomy":"category","embeddable":true,"href":"https:\/\/arnell.de\/en\/wp-json\/wp\/v2\/categories?post=247"},{"taxonomy":"post_tag","embeddable":true,"href":"https:\/\/arnell.de\/en\/wp-json\/wp\/v2\/tags?post=247"}],"curies":[{"name":"wp","href":"https:\/\/api.w.org\/{rel}","templated":true}]}}